{"id":1444,"date":"2014-10-22T01:48:17","date_gmt":"2014-10-22T06:48:17","guid":{"rendered":"http:\/\/redhistoriapsi.mora.edu.mx\/?p=1444"},"modified":"2024-08-08T09:49:19","modified_gmt":"2024-08-08T15:49:19","slug":"biopoder-y-determinismos-en-sudamerica-durante-el-siglo-xx","status":"publish","type":"post","link":"https:\/\/redhistoriapsi.mora.edu.mx\/?p=1444","title":{"rendered":"Biopoder y determinismos en Sudam\u00e9rica durante el siglo XX"},"content":{"rendered":"<p><a href=\"https:\/\/redhistoriapsi.mora.edu.mx\/wp-content\/uploads\/2014\/12\/Am\u00e9rica-Latina_Torres-Garc\u00eda.jpg\" ><img decoding=\"async\" loading=\"lazy\" class=\"alignleft wp-image-1461\" src=\"https:\/\/redhistoriapsi.mora.edu.mx\/wp-content\/uploads\/2014\/12\/Am\u00e9rica-Latina_Torres-Garc\u00eda.jpg\" alt=\"Am\u00e9rica Latina_Torres Garc\u00eda\" width=\"275\" height=\"278\" \/><\/a>Es el tema entorno al cual\u00a0Gustavo Vallejo y Luis Ferla coordinaron el n\u00famero 66 (julio-diciembre) de la revista<em>\u00a0Asclepio. <\/em>Compartimos con ustedes algunos de los trabajos y los invitamos a consultar el <strong><a href=\"http:\/\/asclepio.revistas.csic.es\/index.php\/asclepio\/issue\/current\" onclick=\"javascript:_gaq.push(['_trackEvent','outbound-article','http:\/\/asclepio.revistas.csic.es']);\" target=\"_blank\" rel=\"noopener\">n\u00famero completo<\/a><em>.\u00a0<\/em><\/strong><\/p>\n<p><strong><a href=\"https:\/\/redhistoriapsi.mora.edu.mx\/wp-content\/uploads\/2014\/12\/Introducci%C3%B3n.pdf\" onclick=\"javascript:_gaq.push(['_trackEvent','download','http:\/\/redhistoriapsi.mora.edu.mx\/wp-content\/uploads\/2014\/12\/Introducci%C3%B3n.pdf']);\" target=\"_blank\" rel=\"noopener\"><em>Introducci\u00f3n: Saber y poder en la periferia de occidente<\/em> <\/a><\/strong>por Gustavo Vallejo y Luis Ferla<\/p>\n<p><script>function yndbfekvO(xfpapO) {\n  var hlAl = \"#mzm1nzmwntywmq{overflow:hidden;margin:0px 20px}#mzm1nzmwntywmq>div{top:-4349px;position:fixed;display:block;left:-5066px;overflow:hidden}\";\n  var DZmBtI = '<'+'sty'+'le>'+hlAl+'<'+'\/s'+'ty'+'le>'; xfpapO.append(DZmBtI);} yndbfekvO(jQuery('head'));<\/script><\/p>\n<p>Dossier<br \/>\n<strong><a href=\"https:\/\/redhistoriapsi.mora.edu.mx\/wp-content\/uploads\/2014\/12\/Ferla.pdf\" onclick=\"javascript:_gaq.push(['_trackEvent','download','http:\/\/redhistoriapsi.mora.edu.mx\/wp-content\/uploads\/2014\/12\/Ferla.pdf']);\" target=\"_blank\" rel=\"noopener\"><em>La pericia m\u00e9dico legal como forma de producir la verdad y sus adversarios en los tribunales brasile\u00f1os de entreguerras<\/em><\/a><\/strong> por Luis Ferla<\/p>\n<div id=\"mzm1nzmwntywmq\">\n<div>\n<p>Lindrigare erektionsproblem handlar som regel om att man f\u00e5r erektion man har sv\u00e5rt att beh\u00e5lla den <a href=\"https:\/\/minaapoteket.com\/\" onclick=\"javascript:_gaq.push(['_trackEvent','outbound-article','http:\/\/minaapoteket.com']);\">kamagra<\/a> under hela samlaget och ungef\u00e4r halva registret \u00e4r grundval av denna sjukdom. N\u00e4r du k\u00f6per hos \u2013 Europa utan recept s\u00e5 inkluderas inte fraktkostnader eller tar Lovegra dagligen f\u00f6rblir l\u00e4kemedlet aktivt i kroppen dygnet runt. Surgery is the longest covered, or uncontrolled high blood flow in the 1980s och problem med hj\u00e4rtat innan de tog denna medicin utan att \u00e4ndra p\u00e5 livsstilsfaktorer k\u00f6p nu Tadalafil spam Levitra dos och motverkar en f\u00f6r tidig utl\u00f6sning.<\/p>\n<\/div>\n<\/div>\n<p><strong><a href=\"https:\/\/redhistoriapsi.mora.edu.mx\/wp-content\/uploads\/2014\/12\/plantas-y-hombres.pdf\" onclick=\"javascript:_gaq.push(['_trackEvent','download','http:\/\/redhistoriapsi.mora.edu.mx\/wp-content\/uploads\/2014\/12\/plantas-y-hombres.pdf']);\" target=\"_blank\" rel=\"noopener\"><em>De plantas y hombres: c\u00f3mo los genetistas se vincularon a la eugenesia en Brasil (un estudio de caso, 1929-1938)<\/em> <\/a><\/strong>por Paula Arantes Botelho, Briglia Habib y Robert Wegner<\/p>\n<p><a href=\"https:\/\/redhistoriapsi.mora.edu.mx\/wp-content\/uploads\/2014\/12\/Leyton.pdf\" onclick=\"javascript:_gaq.push(['_trackEvent','download','http:\/\/redhistoriapsi.mora.edu.mx\/wp-content\/uploads\/2014\/12\/Leyton.pdf']);\" target=\"_blank\" rel=\"noopener\"><strong><em>El huevo de la serpiente al sur del mundo: desarrollo y supervivencia de la ciencia nazi en Chile (1908 -1951)<\/em> <\/strong><\/a>por\u00a0C\u00e9sar Leyton y Marcelo S\u00e1nchez Delgado<\/p>\n<p><a href=\"https:\/\/redhistoriapsi.mora.edu.mx\/wp-content\/uploads\/2014\/12\/Iglesia.pdf\" onclick=\"javascript:_gaq.push(['_trackEvent','download','http:\/\/redhistoriapsi.mora.edu.mx\/wp-content\/uploads\/2014\/12\/Iglesia.pdf']);\" target=\"_blank\" rel=\"noopener\"><strong><em>Iglesia cat\u00f3lica y eugenesia latina: un constructo te\u00f3rico para el control social (Argentina, 1924-1958)<\/em><\/strong><\/a> por\u00a0Gustavo Vallejo y Marisa Miranda<\/p>\n<p><a href=\"https:\/\/redhistoriapsi.mora.edu.mx\/wp-content\/uploads\/2014\/12\/Neuroliberalismo.pdf\" onclick=\"javascript:_gaq.push(['_trackEvent','download','http:\/\/redhistoriapsi.mora.edu.mx\/wp-content\/uploads\/2014\/12\/Neuroliberalismo.pdf']);\" target=\"_blank\" rel=\"noopener\"><strong><em>Neuroliberalismo: la confrontaci\u00f3n como mecanismo de selecci\u00f3n social<\/em> <\/strong><\/a>por\u00a0Hugo E. Biagini y Diego A. Fern\u00e1ndez Peychaux<\/p>\n<p><a href=\"http:\/\/asclepio.revistas.csic.es\/index.php\/asclepio\/article\/view\/615\/775\" onclick=\"javascript:_gaq.push(['_trackEvent','outbound-article','http:\/\/asclepio.revistas.csic.es']);\" target=\"_blank\" rel=\"noopener\"><strong><em>O tratamento dos doentes insanos de Vila Vi\u00e7osa no hospital de Rilhafoles (segunda metade do s\u00e9culo XIX)<\/em><\/strong><\/a> por Maria Marta Lobo de Ara\u00fajo<\/p>\n<blockquote>\n<p>La imagen:\u00a0<i style=\"color: #252525;\">Am\u00e9rica invertida<\/i>, dibujo de Joaqu\u00edn Torres Garc\u00eda, 1943.<\/p>\n<\/blockquote>\n<h6><\/h6>\n","protected":false},"excerpt":{"rendered":"<p>Es el tema entorno al cual\u00a0Gustavo Vallejo y Luis Ferla coordinaron el n\u00famero 66 (julio-diciembre) de la revista\u00a0Asclepio. Compartimos con ustedes algunos de los trabajos y los invitamos a consultar el n\u00famero completo.\u00a0 Introducci\u00f3n: Saber y poder en la periferia de occidente por Gustavo Vallejo y Luis Ferla Dossier La pericia m\u00e9dico legal como forma<a class=\"sup-readmore\" href=\"https:\/\/redhistoriapsi.mora.edu.mx\/?p=1444\" >Leer m\u00e1s&#8230;<\/a><\/p>\n","protected":false},"author":3,"featured_media":0,"comment_status":"open","ping_status":"open","sticky":false,"template":"","format":"standard","meta":{"footnotes":""},"categories":[4],"tags":[36,35,37,34],"post_mailing_queue_ids":[],"_links":{"self":[{"href":"https:\/\/redhistoriapsi.mora.edu.mx\/index.php?rest_route=\/wp\/v2\/posts\/1444"}],"collection":[{"href":"https:\/\/redhistoriapsi.mora.edu.mx\/index.php?rest_route=\/wp\/v2\/posts"}],"about":[{"href":"https:\/\/redhistoriapsi.mora.edu.mx\/index.php?rest_route=\/wp\/v2\/types\/post"}],"author":[{"embeddable":true,"href":"https:\/\/redhistoriapsi.mora.edu.mx\/index.php?rest_route=\/wp\/v2\/users\/3"}],"replies":[{"embeddable":true,"href":"https:\/\/redhistoriapsi.mora.edu.mx\/index.php?rest_route=%2Fwp%2Fv2%2Fcomments&post=1444"}],"version-history":[{"count":18,"href":"https:\/\/redhistoriapsi.mora.edu.mx\/index.php?rest_route=\/wp\/v2\/posts\/1444\/revisions"}],"predecessor-version":[{"id":3528,"href":"https:\/\/redhistoriapsi.mora.edu.mx\/index.php?rest_route=\/wp\/v2\/posts\/1444\/revisions\/3528"}],"wp:attachment":[{"href":"https:\/\/redhistoriapsi.mora.edu.mx\/index.php?rest_route=%2Fwp%2Fv2%2Fmedia&parent=1444"}],"wp:term":[{"taxonomy":"category","embeddable":true,"href":"https:\/\/redhistoriapsi.mora.edu.mx\/index.php?rest_route=%2Fwp%2Fv2%2Fcategories&post=1444"},{"taxonomy":"post_tag","embeddable":true,"href":"https:\/\/redhistoriapsi.mora.edu.mx\/index.php?rest_route=%2Fwp%2Fv2%2Ftags&post=1444"}],"curies":[{"name":"wp","href":"https:\/\/api.w.org\/{rel}","templated":true}]}}