{"id":2117,"date":"2017-03-07T03:41:11","date_gmt":"2017-03-07T03:41:11","guid":{"rendered":"http:\/\/redhistoriapsi.mora.edu.mx\/?p=2117"},"modified":"2019-11-15T19:25:02","modified_gmt":"2019-11-15T19:25:02","slug":"nuevo-libro-de-rafael-huertas","status":"publish","type":"post","link":"https:\/\/redhistoriapsi.mora.edu.mx\/?p=2117","title":{"rendered":"Nuevo libro de Rafael Huertas"},"content":{"rendered":"<p style=\"text-align: justify;\">Estimados amigos, lectores y suscriptores, con agrado queremos informales que acaba de publicarse el nuevo libro de Rafael Huertas titulado: <em>Otra historia para otra psiquiatr\u00eda, <\/em>obra que contiene un pr\u00f3logo escrito por Jos\u00e9 Mar\u00eda \u00c1lvarez y Fernando Colina.<!--StartFragment--><\/p>\n<p style=\"text-align: justify;\">Abajo dejamos la descripci\u00f3n \u00edntegra del libro as\u00ed como un fragmento del pr\u00f3logo que amablemente nos proporcion\u00f3 el propio autor. Estamos seguros que esta obra despertar\u00e1 gran inter\u00e9s entre los lectores, historiadores y especialistas, adem\u00e1s de que abrir\u00e1, como siempre lo hace Rafael Huertas, nuevos caminos de reflexi\u00f3n hist\u00f3rica sobre las pr\u00e1cticas psiqui\u00e1tricas en Occidente.<\/p>\n<p style=\"text-align: justify;\"><a href=\"https:\/\/redhistoriapsi.mora.edu.mx\/wp-content\/uploads\/2017\/03\/otra-psi_Rafael-Huertas.png\" ><img decoding=\"async\" loading=\"lazy\" class=\"aligncenter wp-image-2522 size-full\" src=\"https:\/\/redhistoriapsi.mora.edu.mx\/wp-content\/uploads\/2017\/03\/otra-psi_Rafael-Huertas.png\" alt=\"\" width=\"577\" height=\"661\" srcset=\"https:\/\/redhistoriapsi.mora.edu.mx\/wp-content\/uploads\/2017\/03\/otra-psi_Rafael-Huertas.png 577w, https:\/\/redhistoriapsi.mora.edu.mx\/wp-content\/uploads\/2017\/03\/otra-psi_Rafael-Huertas-261x300.png 261w\" sizes=\"(max-width: 577px) 100vw, 577px\" \/><\/a><\/p>\n<p style=\"text-align: justify;\">Este libro recopila una serie de art\u00edculos cuyo denominador com\u00fan es el intento de articular historia y cl\u00ednica. No <strong>una<\/strong> historia positivista, descriptiva, acumulativa, complaciente con el pasado y acr\u00edtica con el presente, sino <strong>otra<\/strong> historia, anal\u00edtica, hermen\u00e9utica y cr\u00edtica, que interpele al pasado para pensar el presente y para actuar o propiciar actuaciones suficientemente fundamentadas. <strong>Otra<\/strong> historia que permita identificar, y diferenciar, <strong>una<\/strong> psiquiatr\u00eda positivista, cuantitativa, simplificada, esencialista, organicista y, en buena medida, ate\u00f3rica y ahist\u00f3rica, y <strong>otra<\/strong> psiquiatr\u00eda que, considerando fundamental un marco te\u00f3rico psico[pato]l\u00f3gico, entiende las llamadas enfermedades mentales como construcciones discursivas revisables y sujetas a cambios sociales y culturales. Una visi\u00f3n no positivista y no esencialista en la que el sujeto (mediatizado por el lenguaje) prima sobre la \u00abenfermedad\u00bb, en la que se presta la m\u00e1xima atenci\u00f3n a la subjetividad de la persona y en la que el <em>pathos<\/em> y el <em>ethos<\/em> se conjugan en el n\u00facleo mismo del pensamiento psicopatol\u00f3gico. En definitiva, <strong>otra<\/strong> historia comprometida con <strong>otra<\/strong> psiquiatr\u00eda, la que considera necesario cambios epistemol\u00f3gicos profundos sobre la naturaleza del trastorno mental y sobre el papel del experto (psiquiatra, psic\u00f3logo, psicoanalista, etc.) y del propio paciente \u2014cuyo empoderamiento debe ser una prioridad absoluta\u2014 en la gesti\u00f3n de la locura.<\/p>\n<p>Del Pr\u00f3logo de Jos\u00e9 Mar\u00eda \u00c1lvarez y Fernando Colina<\/p>\n<p style=\"text-align: justify;\"><em>Libros de historia de la psiquiatr\u00eda hay muchos. En ellos se narran historias de lo m\u00e1s variado, porque psiquiatr\u00edas, como se sabe, no hay s\u00f3lo una. Rafael Huertas, en Otra historia para otra psiquiatr\u00eda, recrea una de ellas. A la vista de las materias que le interesan y los referentes que le gu\u00edan, la suya parece una historia marginal. Los grandes nombres, los pasajes hagiogr\u00e1ficos, las indudables contribuciones a la humanidad y los impresionantes progresos respecto al pasado no tienen aqu\u00ed cabida. Esta es una historia humana, es decir, limitada y condicionada por los contextos hist\u00f3ricos, pol\u00edticos y culturales. Sin embargo, aunque carezca de los ep\u00f3nimos y conceptos que suelen engalanar los libros de\u00a0 la corriente hoy d\u00eda preeminente, esta otra historia no es menos verdadera. En contrapartida, cada p\u00e1gina de este libro anima a la reflexi\u00f3n sobre la condici\u00f3n humana, invita a la comparaci\u00f3n con el presente y despeja muchos de los bucles en los que estamos atrapados y alrededor de cuyos ejes giramos de continuo sin darnos cuenta<\/em><\/p>\n<p><strong>\u00cdndice<\/strong><\/p>\n<p><strong>La otra historia de Rafael Huertas <\/strong><\/p>\n<p>(Pr\u00f3logo de Jos\u00e9 Mar\u00eda \u00c1lvarez y Fernando Colina)<br \/>\nLibros e historias<br \/>\nOtra historia<br \/>\nCambios y continuidad<br \/>\n<strong>Presentaci\u00f3n <\/strong><br \/>\n<strong>De la filosof\u00eda de la locura a la higiene del alma <\/strong><\/p>\n<p>Introducci\u00f3n<br \/>\nUn hijo de la Ilustraci\u00f3n<br \/>\nEn torno a la causalidad: del influjo de la Luna a la lesi\u00f3n<br \/>\nAnat\u00f3mica<br \/>\nLos proleg\u00f3menos del tratamiento moral<br \/>\nDaquin <strong><em>versus <\/em><\/strong>Pinel<br \/>\n<strong>Nosograf\u00eda y antinosograf\u00eda: en torno a la psicosis \u00fanica <\/strong><\/p>\n<p>Introducci\u00f3n<\/p>\n<p>El fin de las Luces<br \/>\nEsquirol, \u00bfpluralidad nosol\u00f3gica o psicosis \u00fanica?<br \/>\nVariaciones posesquirolianas<br \/>\nLa antinosograf\u00eda como principio epistemol\u00f3gico<br \/>\nLa psicosis \u00fanica en la psiquiatr\u00eda espa\u00f1ola<br \/>\nLo \u00fanico y lo m\u00faltiple. Continuidad y discontinuidad<br \/>\n<strong>Semiolog\u00eda: Subjetividad y cl\u00ednica psiqui\u00e1trica <\/strong><\/p>\n<p>Introducci\u00f3n<br \/>\nExplorando el s\u00edntoma alucinatorio<br \/>\nEscuchar al loco, leer la locura<br \/>\nRelatando la subjetividad del loco<br \/>\n<strong>\u00a0El concepto de perversi\u00f3n sexual en la medicina positivista <\/strong><\/p>\n<p>Introducci\u00f3n<br \/>\nLa norma y la ley<br \/>\nSintomatolog\u00eda y estigmatolog\u00eda<br \/>\nPerversos y degenerados<br \/>\n\u00bfNovedades? Psicoanal\u00edticas<br \/>\n<strong>\u00a0Las obsesiones antes de Freud <\/strong><\/p>\n<p>Introducci\u00f3n<br \/>\nEl escr\u00fapulo y la melancol\u00eda religiosa<br \/>\nEl modelo de la monoman\u00eda<br \/>\nLa impronta del degeneracionismo<br \/>\nLas obsesiones en el <em>fin-de-si\u00e8cle <\/em><br \/>\nLas obsesiones y los valores <em>fin-de-si\u00e8cle <\/em><br \/>\n<strong>Locos, criminales y psiquiatras: la construcci\u00f3n de un <\/strong><br \/>\n<strong>modelo (m\u00e9dico) de delincuencia <\/strong><\/p>\n<p>Introducci\u00f3n<br \/>\nMonoman\u00edas: el transgresor medicalizado<br \/>\nMonoman\u00eda <strong><em>versus <\/em><\/strong>degeneraci\u00f3n<br \/>\nLa irrupci\u00f3n de la antropolog\u00eda criminal<\/p>\n<p>Ep\u00edgonos del degeneracionismo<br \/>\nEl problema de la responsabilidad y de la peligrosidad<\/p>\n<p><strong>El poder psiqui\u00e1trico <\/strong><\/p>\n<p>Introducci\u00f3n<br \/>\nEl eje del poder<br \/>\nEl eje de la verdad<br \/>\nEl eje de la subjetivaci\u00f3n\/normalizaci\u00f3n<br \/>\n(re)Leyendo a Foucault<\/p>\n<p><strong>Otra historia para otra psiquiatr\u00eda <\/strong><\/p>\n<p>Introducci\u00f3n<br \/>\nPolos historiogr\u00e1ficos<br \/>\nActualizando discursos<\/p>\n<p>El punto de vista del paciente<\/p>\n<div class=\"t pg-1m0 pg-1x2 pg-1h4 pg-1y6 pg-1ff2 pg-1fs1 pg-1fc0 pg-1sc0 pg-1ls0 pg-1ws0\" style=\"font-family: pg-1ff10; line-height: 1.00293; font-style: normal; font-weight: normal; visibility: visible; transform: matrix(0.25, 0, 0, 0.25, 0, 0); letter-spacing: normal; -webkit-text-stroke: 0.015em transparent; text-shadow: none; word-spacing: 0px; color: #000000; font-size: 48px; bottom: 669.5px; height: 39.5859px; left: 85.2px; position: absolute; white-space: pre; transform-origin: 0px 100% 0px; unicode-bidi: bidi-override; font-variant-ligatures: normal; font-variant-caps: normal; orphans: 2; text-align: left; text-indent: 0px; text-transform: none; widows: 2; background-color: #ffffff;\"><span class=\"pg-1ff3\" style=\"font-family: pg-1ff15; line-height: 0.862793; font-style: normal; font-weight: normal; visibility: visible; position: relative; unicode-bidi: bidi-override;\">Otra historia para otra psiquiatr\u00eda<span class=\"pg-1ff2\" style=\"font-family: pg-1ff10; line-height: 1.00293; font-style: normal; font-weight: normal; visibility: visible; position: relative; unicode-bidi: bidi-override;\">\ue01c\ue005 \ue003\ue00c\ue002\ue007\ue00a\ue010\ue00e\ue003\ue01f\ue005!\ue010\ue00c\ue010\ue00b\ue005\ue007\ue006\ue00b\ue002\ue00b\ue010\ue00e\ue00d\ue005&#8221;\ue002\ue010\ue00a\ue007\ue002\ue002\ue00b#\ue00e\ue005<\/span><\/span><\/div>\n<div class=\"t pg-1m0 pg-1x2 pg-1h4 pg-1y7 pg-1ff2 pg-1fs1 pg-1fc0 pg-1sc0 pg-1ls0 pg-1ws0\" style=\"font-family: pg-1ff10; line-height: 1.00293; font-style: normal; font-weight: normal; visibility: visible; transform: matrix(0.25, 0, 0, 0.25, 0, 0); letter-spacing: normal; -webkit-text-stroke: 0.015em transparent; text-shadow: none; word-spacing: 0px; color: #000000; font-size: 48px; bottom: 654.9px; height: 39.5859px; left: 85.2px; position: absolute; white-space: pre; transform-origin: 0px 100% 0px; unicode-bidi: bidi-override; font-variant-ligatures: normal; font-variant-caps: normal; orphans: 2; text-align: left; text-indent: 0px; text-transform: none; widows: 2; background-color: #ffffff;\">$\ue003\ue005\ue010\ue011\ue00c\ue003\ue005\ue008\ue00d\ue00b\ue01a\ue009\ue00b\ue003\ue011\ue00c\ue01b\ue003%<\/div>\n<p>&nbsp;<\/p>\n<div class=\"t pg-1m0 pg-1x2 pg-1h4 pg-1y6 pg-1ff2 pg-1fs1 pg-1fc0 pg-1sc0 pg-1ls0 pg-1ws0\" style=\"font-family: pg-1ff10; line-height: 1.00293; font-style: normal; font-weight: normal; visibility: visible; transform: matrix(0.25, 0, 0, 0.25, 0, 0); letter-spacing: normal; -webkit-text-stroke: 0.015em transparent; text-shadow: none; word-spacing: 0px; color: #000000; font-size: 48px; bottom: 669.5px; height: 39.5859px; left: 85.2px; position: absolute; white-space: pre; transform-origin: 0px 100% 0px; unicode-bidi: bidi-override; font-variant-ligatures: normal; font-variant-caps: normal; orphans: 2; text-align: left; text-indent: 0px; text-transform: none; widows: 2; background-color: #ffffff;\"><span class=\"pg-1ff3\" style=\"font-family: pg-1ff15; line-height: 0.862793; font-style: normal; font-weight: normal; visibility: visible; position: relative; unicode-bidi: bidi-override;\">Otra historia para otra psiquiatr\u00eda<span class=\"pg-1ff2\" style=\"font-family: pg-1ff10; line-height: 1.00293; font-style: normal; font-weight: normal; visibility: visible; position: relative; unicode-bidi: bidi-override;\">\ue01c\ue005 \ue003\ue00c\ue002\ue007\ue00a\ue010\ue00e\ue003\ue01f\ue005!\ue010\ue00c\ue010\ue00b\ue005\ue007\ue006\ue00b\ue002\ue00b\ue010\ue00e\ue00d\ue005&#8221;\ue002\ue010\ue00a\ue007\ue002\ue002\ue00b#\ue00e\ue005<\/span><\/span><\/div>\n<div class=\"t pg-1m0 pg-1x2 pg-1h4 pg-1y7 pg-1ff2 pg-1fs1 pg-1fc0 pg-1sc0 pg-1ls0 pg-1ws0\" style=\"font-family: pg-1ff10; line-height: 1.00293; font-style: normal; font-weight: normal; visibility: visible; transform: matrix(0.25, 0, 0, 0.25, 0, 0); letter-spacing: normal; -webkit-text-stroke: 0.015em transparent; text-shadow: none; word-spacing: 0px; color: #000000; font-size: 48px; bottom: 654.9px; height: 39.5859px; left: 85.2px; position: absolute; white-space: pre; transform-origin: 0px 100% 0px; unicode-bidi: bidi-override; font-variant-ligatures: normal; font-variant-caps: normal; orphans: 2; text-align: left; text-indent: 0px; text-transform: none; widows: 2; background-color: #ffffff;\">$\ue003\ue005\ue010\ue011\ue00c\ue003\ue005\ue008\ue00d\ue00b\ue01a\ue009\ue00b\ue003\ue011\ue00c\ue01b\ue003%<\/div>\n","protected":false},"excerpt":{"rendered":"<p>Estimados amigos, lectores y suscriptores, con agrado queremos informales que acaba de publicarse el nuevo libro de Rafael Huertas titulado: Otra historia para otra psiquiatr\u00eda, obra que contiene un pr\u00f3logo escrito por Jos\u00e9 Mar\u00eda \u00c1lvarez y Fernando Colina. Abajo dejamos la descripci\u00f3n \u00edntegra del libro as\u00ed como un fragmento del pr\u00f3logo que amablemente nos proporcion\u00f3<a class=\"sup-readmore\" href=\"https:\/\/redhistoriapsi.mora.edu.mx\/?p=2117\" >Leer m\u00e1s&#8230;<\/a><\/p>\n","protected":false},"author":12,"featured_media":0,"comment_status":"open","ping_status":"open","sticky":false,"template":"","format":"standard","meta":{"footnotes":""},"categories":[4],"tags":[61,62,60],"post_mailing_queue_ids":[],"_links":{"self":[{"href":"https:\/\/redhistoriapsi.mora.edu.mx\/index.php?rest_route=\/wp\/v2\/posts\/2117"}],"collection":[{"href":"https:\/\/redhistoriapsi.mora.edu.mx\/index.php?rest_route=\/wp\/v2\/posts"}],"about":[{"href":"https:\/\/redhistoriapsi.mora.edu.mx\/index.php?rest_route=\/wp\/v2\/types\/post"}],"author":[{"embeddable":true,"href":"https:\/\/redhistoriapsi.mora.edu.mx\/index.php?rest_route=\/wp\/v2\/users\/12"}],"replies":[{"embeddable":true,"href":"https:\/\/redhistoriapsi.mora.edu.mx\/index.php?rest_route=%2Fwp%2Fv2%2Fcomments&post=2117"}],"version-history":[{"count":7,"href":"https:\/\/redhistoriapsi.mora.edu.mx\/index.php?rest_route=\/wp\/v2\/posts\/2117\/revisions"}],"predecessor-version":[{"id":2524,"href":"https:\/\/redhistoriapsi.mora.edu.mx\/index.php?rest_route=\/wp\/v2\/posts\/2117\/revisions\/2524"}],"wp:attachment":[{"href":"https:\/\/redhistoriapsi.mora.edu.mx\/index.php?rest_route=%2Fwp%2Fv2%2Fmedia&parent=2117"}],"wp:term":[{"taxonomy":"category","embeddable":true,"href":"https:\/\/redhistoriapsi.mora.edu.mx\/index.php?rest_route=%2Fwp%2Fv2%2Fcategories&post=2117"},{"taxonomy":"post_tag","embeddable":true,"href":"https:\/\/redhistoriapsi.mora.edu.mx\/index.php?rest_route=%2Fwp%2Fv2%2Ftags&post=2117"}],"curies":[{"name":"wp","href":"https:\/\/api.w.org\/{rel}","templated":true}]}}