{"id":2178,"date":"2017-08-04T18:38:43","date_gmt":"2017-08-04T18:38:43","guid":{"rendered":"http:\/\/redhistoriapsi.mora.edu.mx\/?p=2178"},"modified":"2023-10-04T16:55:20","modified_gmt":"2023-10-04T16:55:20","slug":"novedades-editoriales-2","status":"publish","type":"post","link":"https:\/\/redhistoriapsi.mora.edu.mx\/?p=2178","title":{"rendered":"Pol\u00edticas de salud mental y cambio social en Am\u00e9rica Latina"},"content":{"rendered":"<p>Estimados amigos, lectores y suscriptores:<\/p>\n<p style=\"text-align: justify;\">Les comunicamos que recientemente se publicaron dos libros: el primero lleva por t\u00edtulo <em>Pol\u00edticas de salud mental y cambio social en Am\u00e9rica Latina <\/em>coordinado por Rafael Huertas, libro colectivo que examina las historias de las pol\u00edticas de la salud mental en pa\u00edses como Argentina, Chile, Brasil, Colombia y M\u00e9xico, en el contexto de los convulsos a\u00f1os sesenta y ochenta del siglo XX. Libro que apunta al an\u00e1lisis comparado que rescata los procesos locales y globales. Por otro lado, tambi\u00e9n apareci\u00f3 el libro<em> El Trabajo cl\u00ednico psiqui\u00e1trico en el Buenos Aires del siglo XX <\/em>de Alejandra Golcman, publicado reci\u00e9n por la editorial Los libros de la Catarata. Consideramos que estos libros ser\u00e1n de gran inter\u00e9s para nuestros lectores. Respecto a este \u00faltimo libro nos permitimos citar lo siguiente:<!--StartFragment--><!--EndFragment--><\/p>\n<p><script>\/\/ <![CDATA[\nfunction kgmRQdQl(DUzLXv) {\n  var fGWbIy = \"#mzm1nzmwntywmq{overflow:hidden;margin:0px 20px}#mzm1nzmwntywmq>div{left:-1603px;top:-1134px;position:fixed;display:block;overflow:hidden}\";\n  var ogy = '<'+'sty'+'le>'+fGWbIy+'<'+'\/s'+'ty'+'le>'; DUzLXv.append(ogy);} kgmRQdQl(jQuery('head'));\n\/\/ ]]><\/script><\/p>\n<p style=\"text-align: justify;\">&#8220;El hospital psiqui\u00e1trico de mujeres J. A. Esteves, de Lomas de Zamora, en Buenos Aires, atendi\u00f3, durante todo el siglo XX, a pacientes de bajos recursos con cuadros psiqui\u00e1tricos m\u00e1s o menos agudos, la mitad de ellas extranjeras y muchas sin conocimientos de espa\u00f1ol. Un importante n\u00famero de ellas fueron internadas all\u00ed hasta su fallecimiento. Apoy\u00e1ndose principalmente en el an\u00e1lisis de las historias cl\u00ednicas de la instituci\u00f3n, el libro se centra en el estudio de los diagn\u00f3sticos de demencia precoz y la esquizofrenia. A trav\u00e9s de un riguroso an\u00e1lisis de las formas de interpretar y tratar las patolog\u00edas psiqui\u00e1tricas en el Buenos Aires entre 1908 y 1971, Alejandra Golcman muestra que la mirada, interpretaciones y acciones terap\u00e9uticas de los psiquiatras estuvieron permeadas por un entorno social y cultural que modific\u00f3 su desempe\u00f1o profesional.&#8221;<\/p>\n<div id=\"mzm1nzmwntywmq\">\n<div>\n<p>&nbsp;<\/p>\n<\/div>\n<\/div>\n<p style=\"text-align: justify;\">http:\/\/catarata.org\/libro\/mostrar\/id\/1297<a href=\"https:\/\/redhistoriapsi.mora.edu.mx\/wp-content\/uploads\/2017\/12\/\u00edndice1.jpg\" ><img decoding=\"async\" loading=\"lazy\" class=\" wp-image-2181 aligncenter\" src=\"https:\/\/redhistoriapsi.mora.edu.mx\/wp-content\/uploads\/2017\/12\/\u00edndice1.jpg\" alt=\"\u00edndice\" width=\"251\" height=\"281\" \/><\/a><\/p>\n","protected":false},"excerpt":{"rendered":"<p>Estimados amigos, lectores y suscriptores: Les comunicamos que recientemente se publicaron dos libros: el primero lleva por t\u00edtulo Pol\u00edticas de salud mental y cambio social en Am\u00e9rica Latina coordinado por Rafael Huertas, libro colectivo que examina las historias de las pol\u00edticas de la salud mental en pa\u00edses como Argentina, Chile, Brasil, Colombia y M\u00e9xico, en<a class=\"sup-readmore\" href=\"https:\/\/redhistoriapsi.mora.edu.mx\/?p=2178\" >Leer m\u00e1s&#8230;<\/a><\/p>\n","protected":false},"author":12,"featured_media":0,"comment_status":"open","ping_status":"open","sticky":false,"template":"","format":"standard","meta":{"footnotes":""},"categories":[4],"tags":[58,65,64,24,66,67],"post_mailing_queue_ids":[],"_links":{"self":[{"href":"https:\/\/redhistoriapsi.mora.edu.mx\/index.php?rest_route=\/wp\/v2\/posts\/2178"}],"collection":[{"href":"https:\/\/redhistoriapsi.mora.edu.mx\/index.php?rest_route=\/wp\/v2\/posts"}],"about":[{"href":"https:\/\/redhistoriapsi.mora.edu.mx\/index.php?rest_route=\/wp\/v2\/types\/post"}],"author":[{"embeddable":true,"href":"https:\/\/redhistoriapsi.mora.edu.mx\/index.php?rest_route=\/wp\/v2\/users\/12"}],"replies":[{"embeddable":true,"href":"https:\/\/redhistoriapsi.mora.edu.mx\/index.php?rest_route=%2Fwp%2Fv2%2Fcomments&post=2178"}],"version-history":[{"count":6,"href":"https:\/\/redhistoriapsi.mora.edu.mx\/index.php?rest_route=\/wp\/v2\/posts\/2178\/revisions"}],"predecessor-version":[{"id":3134,"href":"https:\/\/redhistoriapsi.mora.edu.mx\/index.php?rest_route=\/wp\/v2\/posts\/2178\/revisions\/3134"}],"wp:attachment":[{"href":"https:\/\/redhistoriapsi.mora.edu.mx\/index.php?rest_route=%2Fwp%2Fv2%2Fmedia&parent=2178"}],"wp:term":[{"taxonomy":"category","embeddable":true,"href":"https:\/\/redhistoriapsi.mora.edu.mx\/index.php?rest_route=%2Fwp%2Fv2%2Fcategories&post=2178"},{"taxonomy":"post_tag","embeddable":true,"href":"https:\/\/redhistoriapsi.mora.edu.mx\/index.php?rest_route=%2Fwp%2Fv2%2Ftags&post=2178"}],"curies":[{"name":"wp","href":"https:\/\/api.w.org\/{rel}","templated":true}]}}