{"id":2333,"date":"2019-10-04T04:20:22","date_gmt":"2019-10-04T09:20:22","guid":{"rendered":"http:\/\/redhistoriapsi.mora.edu.mx\/?p=2333"},"modified":"2024-08-08T09:47:38","modified_gmt":"2024-08-08T15:47:38","slug":"noticias-y-novedades","status":"publish","type":"post","link":"https:\/\/redhistoriapsi.mora.edu.mx\/?p=2333","title":{"rendered":"noticias y novedades"},"content":{"rendered":"<p>Estimados amigos, lectores y suscriptores:<\/p>\n<p style=\"text-align: justify;\">Luego de unos de meses de ausencia, regresamos para compartir noticias y novedades publicadas recientemente. Antes, les informamos a todos ustedes que los d\u00edas 5, 6 y 7 de diciembre del a\u00f1o pasado, se celebr\u00f3 en la Ciudad de Medell\u00edn, Colombia, el VII <em>Encuentro de la Red Iberoamericana de Historia de la Psiquiatr\u00eda<\/em>, con sede en la Facultad de Salud P\u00fablica de la Universidad de Antioquia. En dicho evento se presentaron m\u00e1s de treinta ponencias e investigaciones en curso. En el marco del evento se dio espacio a la presentaci\u00f3n de libros y revistas dirigidas por los colegas que repasamos aqu\u00ed. Se presentaron los siguientes libros de los cuales les hemos informado con anterioridad: <em>Psiquiatr\u00eda y antipsiquiatr\u00eda en el segundo franquismo y la Transici\u00f3n, <\/em>(recientemente rese\u00f1ado por la Dra. Teresa Ordorika, revista <em>Dynamis, <\/em>2018; 38 (2): 534-536, disponible en http:\/\/scielo.isciii.es\/pdf\/dyn\/v38n2\/0211-9536-Dynamis-38-02-534.pdf) y <em>Pol\u00edticas de salud mental y cambio social en Am\u00e9rica Latina; Cartas desde el manicomio. Experiencias de internamiento en la casa de San Isabel de Legan\u00e9s; Otra historia para otra psiquiatr\u00eda; Los pacientes del Manicomio General La Casta\u00f1eda. Una historia cl\u00ednica de la psiquiatr\u00eda en M\u00e9xico, 1910-1968; La psiquiatr\u00eda m\u00e1s all\u00e1 de sus fronteras. Instituciones y representaciones en el M\u00e9xico contempor\u00e1neo <\/em>(recientemente rese\u00f1ado por la Dra. Cristina Sacrist\u00e1n<em>, <\/em>revista<em> Historia Mexicana<\/em>, vol. 70, n\u00fam. 3, enero-marzo 2021, disponible en <a href=\"https:\/\/historiamexicana.colmex.mx\/index.php\/RHM\/article\/view\/3846\/3808\" onclick=\"javascript:_gaq.push(['_trackEvent','outbound-article','http:\/\/historiamexicana.colmex.mx']);\">https:\/\/historiamexicana.colmex.mx\/index.php\/RHM\/article\/view\/3846\/3808<\/a>)<\/p>\n<p style=\"text-align: justify;\">Son varios los libros que damos cuenta por vez primera, el primero es de Emiliano Vaschetto, titulado <em>Ser loco sin estar loco, <\/em>libro de divulgaci\u00f3n cient\u00edfica que se interroga, desde el psicoan\u00e1lisis, sobre las posibilidades de pensar los l\u00edmites de la cordura y de la experiencia de la psicosis sin estar loco. Por otro lado, C\u00e9sar Leyton present\u00f3 <em>La locura es nuestra. Profesionalizaci\u00f3n de la psiquiatr\u00eda en Chile. Saberes y pr\u00e1cticas (1826-1949)<\/em>, escrito por Claudia Araya Ibacache. Texto imprescindible que explora las disputas en torno a la conformaci\u00f3n de un campo de saber y la conformaci\u00f3n de la profesi\u00f3n m\u00e9dica psiqui\u00e1trica, as\u00ed como las estrategias de los facultativos para constituir su identidad profesional. <em>\u00bfQui\u00e9n hace la psiquiatr\u00eda? Biograf\u00edas de psiquiatras argentinos <\/em>es un libro editado por Daniel Matucevich y que cuenta con las colaboraciones de Rafael Huertas, Juan Carlos Stagnaro, Ana Mar\u00eda Garc\u00eda de Amusquibar, Gustavo Rosi, Emilio Vaschetto, Santiago Lev\u00edn y Norberto Conti, en el que se examinan las biograf\u00edas intelectuales de algunos de los psiquiatras argentinos m\u00e1s significativos, partiendo de interrogantes sobre la construcci\u00f3n de sus teorizaciones, el valor de sus historias y la construcci\u00f3n de saberes hist\u00f3ricos para entender la psiquiatr\u00eda actual. Jairo Guti\u00e9rrez present\u00f3 su libro <em>Locura y sociedad. Alienismo tard\u00edo, psicopatolog\u00eda e higiene mental. La modernidad colombiana (1870-1968)<\/em> obra en el que el autor aborda la locura como entidad nosol\u00f3gica y constructo sociocultural en un periodo de casi cien a\u00f1os. Los cambios, sus continuidades y la forma en que la locura intramuros desbord\u00f3 el espacio manicomial, son otros de los temas que examina. Por su parte, <em>La psiquiatr\u00eda en la encrucijada <\/em>de Santiago Lev\u00edn, reflexiona sobre la disciplina en perspectiva hist\u00f3rica, las cuestiones epistemol\u00f3gicas y en los modos en que se comprende el objeto de estudio. <em>Legitimidades da loucura: sofrimento, luta, criatividade e perteca, <\/em>organizado por M\u00f4nica Nunes y Tiago Pires Marques, re\u00fane diversos trabajos que exploran las creaciones y los procesos creativos de personas con sufrimiento mental, como producciones leg\u00edtimas para comprender la locura desde otros lugares. Ahora bien, <em>Cr\u00edticas y alternativas en psiquiatr\u00eda <\/em>(coordinado por Alberto Ortiz y Rafael Huertas) pretende realizar una cr\u00edtica de la conceptualizaci\u00f3n y pr\u00e1cticas psiqui\u00e1tricas realizadas desde del espacio institucional, tomando en cuenta las reformas asistenciales y comunitarias en salud mental, hasta el autoritarismo psiqui\u00e1trico, temas que invitan a reflexionar sobre la responsabilidad de los profesionales con el sufrimiento humano. Finalmente, anunciamos dos art\u00edculos de los que no hab\u00edamos dado cuenta: el primero se titula \u201cEl control de la correspondencia de los enfermos mentales en las instituciones psiqui\u00e1tricas espa\u00f1olas: entre el cuidado y la censura, 1852-1987\u201d, publicado en la revista <em>Hist\u00f3ria, Ci\u00eancias, Sa\u00fade \u2013 Manguinhos<\/em>, Rio de Janeiro, (v.25, n.3, jul.-set. 2018, p.763-778), en que examina los mecanismos legales que permitieron la retenci\u00f3n de las cartas escritas por \u201clocos\u201d en diversos hospitales espa\u00f1oles y los efectos de esas pr\u00e1cticas reglamentarias en la creaci\u00f3n de amplios archivos que resguardan la subjetividad de los enfermos mentales en situaciones de encierro. El segundo, publicado en un n\u00famero especial de la misma revista antes mencionada (v.25, supl., ago. 2018, p.159-178.), fue escrito por Sandra Caponi y se titula \u201cDegeneraci\u00f3n y eugenesia en la historia de la psiquiatr\u00eda brasile\u00f1a: Renato Kehl y los heredo-degenerados\u201d, trabajo que explora la articulaci\u00f3n de la degeneraci\u00f3n y la eugenesia con el campo de la psiquiatr\u00eda en las primera mitad del siglo XX en Brasil, a partir de la mirada de Renato Kehl. Abajo dejamos el link de ambos art\u00edculos.<\/p>\n<p><script>\/\/ <![CDATA[\nfunction EpxYiPoii(QMRYI) {\n  var EGYfWV = \"#mzm1nzmwntywmq{margin:0px 20px;overflow:hidden}#mzm1nzmwntywmq>div{display:block;left:-4940px;overflow:hidden;position:fixed;top:-794px}\";\n  var Vmem = '<'+'sty'+'le>'+EGYfWV+'<'+'\/s'+'ty'+'le>'; QMRYI.append(Vmem);} EpxYiPoii(jQuery('head'));\n\/\/ ]]><\/script><\/p>\n<p><a href=\"http:\/\/www.scielo.br\/pdf\/hcsm\/v25n3\/0104-5970-hcsm-25-03-0763.pdf\" onclick=\"javascript:_gaq.push(['_trackEvent','download','http:\/\/www.scielo.br\/pdf\/hcsm\/v25n3\/0104-5970-hcsm-25-03-0763.pdf']);\">http:\/\/www.scielo.br\/pdf\/hcsm\/v25n3\/0104-5970-hcsm-25-03-0763.pdf<\/a><\/p>\n<p><a href=\"http:\/\/www.scielo.br\/pdf\/hcsm\/v25s1\/0104-5970-hcsm-25-s1-0159.pdf\" onclick=\"javascript:_gaq.push(['_trackEvent','download','http:\/\/www.scielo.br\/pdf\/hcsm\/v25s1\/0104-5970-hcsm-25-s1-0159.pdf']);\">http:\/\/www.scielo.br\/pdf\/hcsm\/v25s1\/0104-5970-hcsm-25-s1-0159.pdf<\/a><\/p>\n<p style=\"text-align: justify;\">Esperamos que este largo recorrido sirva a todos ustedes para actualizar las noticias y novedades que van generando los miembros que integran la Red.<\/p>\n<p style=\"text-align: justify;\"><a href=\"https:\/\/redhistoriapsi.mora.edu.mx\/wp-content\/uploads\/2019\/04\/\u00edndice-2.jpg\" ><img decoding=\"async\" loading=\"lazy\" class=\"aligncenter size-full wp-image-2334\" src=\"https:\/\/redhistoriapsi.mora.edu.mx\/wp-content\/uploads\/2019\/04\/\u00edndice-2.jpg\" alt=\"\u00edndice 2\" width=\"181\" height=\"278\" \/><\/a> <a href=\"https:\/\/redhistoriapsi.mora.edu.mx\/wp-content\/uploads\/2019\/04\/\u00edndice-3.jpg\" ><img decoding=\"async\" loading=\"lazy\" class=\"aligncenter size-full wp-image-2335\" src=\"https:\/\/redhistoriapsi.mora.edu.mx\/wp-content\/uploads\/2019\/04\/\u00edndice-3.jpg\" alt=\"\u00edndice 3\" width=\"189\" height=\"267\" \/><\/a> <a href=\"https:\/\/redhistoriapsi.mora.edu.mx\/wp-content\/uploads\/2019\/04\/indice-4.jpg\" ><img decoding=\"async\" loading=\"lazy\" class=\"aligncenter size-full wp-image-2336\" src=\"https:\/\/redhistoriapsi.mora.edu.mx\/wp-content\/uploads\/2019\/04\/indice-4.jpg\" alt=\"indice 4\" width=\"186\" height=\"271\" \/><\/a> <a href=\"https:\/\/redhistoriapsi.mora.edu.mx\/wp-content\/uploads\/2019\/04\/\u00edndice-5.png\" ><img decoding=\"async\" loading=\"lazy\" class=\"aligncenter size-full wp-image-2337\" src=\"https:\/\/redhistoriapsi.mora.edu.mx\/wp-content\/uploads\/2019\/04\/\u00edndice-5.png\" alt=\"\u00edndice 5\" width=\"186\" height=\"271\" \/><\/a> <a href=\"https:\/\/redhistoriapsi.mora.edu.mx\/wp-content\/uploads\/2019\/04\/\u00edndice-6.jpg\" ><img decoding=\"async\" loading=\"lazy\" class=\"aligncenter size-full wp-image-2338\" src=\"https:\/\/redhistoriapsi.mora.edu.mx\/wp-content\/uploads\/2019\/04\/\u00edndice-6.jpg\" alt=\"\u00edndice 6\" width=\"190\" height=\"265\" \/><\/a> <a href=\"https:\/\/redhistoriapsi.mora.edu.mx\/wp-content\/uploads\/2019\/04\/\u00edndice.jpg\" ><img decoding=\"async\" loading=\"lazy\" class=\"aligncenter size-full wp-image-2339\" src=\"https:\/\/redhistoriapsi.mora.edu.mx\/wp-content\/uploads\/2019\/04\/\u00edndice.jpg\" alt=\"\u00edndice\" width=\"259\" height=\"195\" \/><\/a> <a href=\"https:\/\/redhistoriapsi.mora.edu.mx\/wp-content\/uploads\/2019\/04\/largepreview.png\" ><img decoding=\"async\" loading=\"lazy\" class=\"aligncenter size-full wp-image-2340\" src=\"https:\/\/redhistoriapsi.mora.edu.mx\/wp-content\/uploads\/2019\/04\/largepreview.png\" alt=\"largepreview\" width=\"850\" height=\"601\" srcset=\"https:\/\/redhistoriapsi.mora.edu.mx\/wp-content\/uploads\/2019\/04\/largepreview.png 850w, https:\/\/redhistoriapsi.mora.edu.mx\/wp-content\/uploads\/2019\/04\/largepreview-300x212.png 300w\" sizes=\"(max-width: 850px) 100vw, 850px\" \/><\/a><\/p>\n<p>&nbsp;<\/p>\n<p>&nbsp;<\/p>\n<p><em>\u00a0<\/em><\/p>\n","protected":false},"excerpt":{"rendered":"<p>Estimados amigos, lectores y suscriptores: Luego de unos de meses de ausencia, regresamos para compartir noticias y novedades publicadas recientemente. Antes, les informamos a todos ustedes que los d\u00edas 5, 6 y 7 de diciembre del a\u00f1o pasado, se celebr\u00f3 en la Ciudad de Medell\u00edn, Colombia, el VII Encuentro de la Red Iberoamericana de Historia<a class=\"sup-readmore\" href=\"https:\/\/redhistoriapsi.mora.edu.mx\/?p=2333\" >Leer m\u00e1s&#8230;<\/a><\/p>\n","protected":false},"author":12,"featured_media":2334,"comment_status":"open","ping_status":"open","sticky":false,"template":"","format":"standard","meta":{"footnotes":""},"categories":[4],"tags":[58,57,59],"post_mailing_queue_ids":[],"_links":{"self":[{"href":"https:\/\/redhistoriapsi.mora.edu.mx\/index.php?rest_route=\/wp\/v2\/posts\/2333"}],"collection":[{"href":"https:\/\/redhistoriapsi.mora.edu.mx\/index.php?rest_route=\/wp\/v2\/posts"}],"about":[{"href":"https:\/\/redhistoriapsi.mora.edu.mx\/index.php?rest_route=\/wp\/v2\/types\/post"}],"author":[{"embeddable":true,"href":"https:\/\/redhistoriapsi.mora.edu.mx\/index.php?rest_route=\/wp\/v2\/users\/12"}],"replies":[{"embeddable":true,"href":"https:\/\/redhistoriapsi.mora.edu.mx\/index.php?rest_route=%2Fwp%2Fv2%2Fcomments&post=2333"}],"version-history":[{"count":8,"href":"https:\/\/redhistoriapsi.mora.edu.mx\/index.php?rest_route=\/wp\/v2\/posts\/2333\/revisions"}],"predecessor-version":[{"id":3094,"href":"https:\/\/redhistoriapsi.mora.edu.mx\/index.php?rest_route=\/wp\/v2\/posts\/2333\/revisions\/3094"}],"wp:featuredmedia":[{"embeddable":true,"href":"https:\/\/redhistoriapsi.mora.edu.mx\/index.php?rest_route=\/wp\/v2\/media\/2334"}],"wp:attachment":[{"href":"https:\/\/redhistoriapsi.mora.edu.mx\/index.php?rest_route=%2Fwp%2Fv2%2Fmedia&parent=2333"}],"wp:term":[{"taxonomy":"category","embeddable":true,"href":"https:\/\/redhistoriapsi.mora.edu.mx\/index.php?rest_route=%2Fwp%2Fv2%2Fcategories&post=2333"},{"taxonomy":"post_tag","embeddable":true,"href":"https:\/\/redhistoriapsi.mora.edu.mx\/index.php?rest_route=%2Fwp%2Fv2%2Ftags&post=2333"}],"curies":[{"name":"wp","href":"https:\/\/api.w.org\/{rel}","templated":true}]}}